{"id":8626,"date":"2025-01-29T11:58:12","date_gmt":"2025-01-29T10:58:12","guid":{"rendered":"https:\/\/stxgroup.staging.twize.io\/strive\/?p=8626"},"modified":"2025-01-29T11:58:12","modified_gmt":"2025-01-29T10:58:12","slug":"mobilite-electrique","status":"publish","type":"post","link":"https:\/\/stxgroup.staging.twize.io\/strive\/fr\/articles\/mobilite-electrique\/","title":{"rendered":"Mobilit\u00e9 \u00c9lectrique : Un Catalyseur Incontournable de la Transition \u00c9nerg\u00e9tique"},"content":{"rendered":"\n<p>Dans un monde confront\u00e9 \u00e0 des d\u00e9fis environnementaux croissants,<strong> la mobilit\u00e9 \u00e9lectrique s\u2019impose comme une solution cl\u00e9 pour r\u00e9duire les \u00e9missions de carbone et favoriser un avenir plus durable.<\/strong> Cependant, pour acc\u00e9l\u00e9rer cette transition, les entreprises et les collectivit\u00e9s doivent relever des d\u00e9fis majeurs, notamment en mati\u00e8re de co\u00fbts et d\u2019infrastructures. Heureusement, des dispositifs comme les <a href=\"https:\/\/stxgroup.staging.twize.io\/stx-specialiste-de-la-decarbonation-du-secteur-du-transport\/\">Certificats d\u2019\u00c9conomies d\u2019\u00c9nergie (CEE) <\/a>et le m\u00e9canisme <a href=\"https:\/\/www.ecologie.gouv.fr\/politiques-publiques\/fiscalite-energies\">TIRUERT<\/a> offrent des leviers puissants pour surmonter ces obstacles.<\/p>\n\n\n\n<h2 class=\"wp-block-heading\">Certificats d\u2019\u00c9conomies d\u2019\u00c9nergie : R\u00e9duire le Co\u00fbt Total de Possession des V\u00e9hicules Lourds<\/h2>\n\n\n\n<p>Le principal frein \u00e0 l\u2019\u00e9lectrification des flottes lourdes reste le co\u00fbt d\u2019acquisition \u00e9lev\u00e9 des v\u00e9hicules. <strong>En France, les nouvelles fiches CEE, notamment TRA-EQ-128 et 129, permettent de compenser une partie importante de ces co\u00fbts gr\u00e2ce \u00e0 des primes financi\u00e8res. <\/strong>Ces fiches sont con\u00e7ues pour offrir aux gestionnaires de flottes des incitations strat\u00e9giques, rendant le Co\u00fbt Total de Possession (TCO) des v\u00e9hicules \u00e9lectriques bien plus comp\u00e9titif.<\/p>\n\n\n\n<p><br>Selon le type de v\u00e9hicule, <strong>les primes peuvent atteindre jusqu\u2019\u00e0 55 000 \u20ac par unit\u00e9, avec des bonifications exceptionnelles pour certains segments<\/strong>. Les fiches sont disponibles pendant 5 ans et les bonifications 2 ans. Ces primes repr\u00e9sentent une opportunit\u00e9 unique pour acc\u00e9l\u00e9rer l\u2019adoption des v\u00e9hicules lourds \u00e9lectriques dans des secteurs tels que la logistique et le transport public.<\/p>\n\n\n\n<p><br>Sp\u00e9cialistes de ces dispositifs, nous accompagnons les entreprises dans l\u2019identification, la gestion administrative et la valorisation de ces opportunit\u00e9s. <strong>Notre objectif : transformer les contraintes financi\u00e8res en avantages comp\u00e9titifs concrets<\/strong><\/p>\n\n\n\n<div class=\"c-img-rhombus  \"><img decoding=\"async\" alt=\"Electric Car Charging\" src=\"https:\/\/stxgroup.staging.twize.io\/app\/themes\/ChildTheme\/assets\/uploads\/site\/4\/2025\/01\/iStock-1662932717-1.jpg\" \/><\/div>\n\n\n\n<h2 class=\"wp-block-heading\">TIRUERT : Favoriser le D\u00e9ploiement des Infrastructures de Recharge<\/h2>\n\n\n\n<p>Au-del\u00e0 des v\u00e9hicules, le d\u00e9veloppement d\u2019une infrastructure de recharge accessible et performante est un pilier fondamental de la mobilit\u00e9 \u00e9lectrique. C\u2019est ici qu\u2019intervient la Taxe Incitative Relative \u00e0 l\u2019Utilisation de l\u2019\u00c9nergie Renouvelable dans les Transports (TIRUERT). <strong>Ce m\u00e9canisme permet aux exploitants de bornes de recharge ouvertes au public de g\u00e9n\u00e9rer des certificats d\u2019\u00e9lectricit\u00e9 renouvelable, qu\u2019ils peuvent ensuite vendre aux distributeurs de carburants.<\/strong> Ces derniers les utilisent pour satisfaire leurs obligations l\u00e9gales, leur \u00e9vitant de payer des taxes dissuasives.<\/p>\n\n\n\n<p><br>Gr\u00e2ce \u00e0 la TIRUERT, les am\u00e9nageurs de bornes de recharge b\u00e9n\u00e9ficient :<\/p>\n\n\n\n<p><br>&#8211; D\u2019une source de revenus suppl\u00e9mentaire ;<br>&#8211; D\u2019un retour sur investissement acc\u00e9l\u00e9r\u00e9 ;<\/p>\n\n\n\n<p><br>Nous simplifions chaque \u00e9tape de ce processus, de l\u2019inscription sur les plateformes r\u00e9glementaires (<a href=\"https:\/\/www.data.gouv.fr\/fr\/\">Data.Gouv<\/a>, <a href=\"https:\/\/carbure.beta.gouv.fr\/\">Carbure<\/a>, <a href=\"https:\/\/beta.gouv.fr\/startups\/qualicharge.html\">QualiCharge<\/a>) \u00e0 la commercialisation des certificats. Nos solutions garantissent une optimisation financi\u00e8re tout en acc\u00e9l\u00e9rant l\u2019obtention des certificats.<\/p>\n\n\n\n<h2 class=\"wp-block-heading\">Une Transition \u00c9nerg\u00e9tique Gagnante pour les Entreprises<\/h2>\n\n\n\n<p>Adopter la mobilit\u00e9 \u00e9lectrique ne rel\u00e8ve plus seulement d\u2019un choix \u00e9cologique : c\u2019est une n\u00e9cessit\u00e9 strat\u00e9gique pour rester comp\u00e9titif sur un march\u00e9 en mutation rapide. <strong>En tirant parti des m\u00e9canismes comme les CEE et TIRUERT, les entreprises peuvent non seulement r\u00e9duire leurs co\u00fbts, mais aussi renforcer leur engagement envers une transition \u00e9nerg\u00e9tique durable.<\/strong><\/p>\n\n\n\n<p><br>Nous mettons notre expertise \u00e0 votre service pour maximiser vos b\u00e9n\u00e9fices et simplifier vos d\u00e9marches. De l\u2019analyse d\u2019\u00e9ligibilit\u00e9 \u00e0 l\u2019optimisation des primes et certificats, nous offrons un accompagnement complet et transparent<\/p>\n\n\n\n<section class=\"wp-block-create-block-gb-side-get-in-touch-cta c-aside-get-in-touch-cta\">\n<a href=\"https:\/\/stxgroup.staging.twize.io\/strive\/contact\/\" class=\"c-button   \"><span class=\"wp-block-create-block-gb-link-rhombus\"><b><a href=\"https:\/\/stxgroup.staging.twize.io\/strive\/contact\/\">GET IN TOUCH<\/a><\/b><\/span><\/a>\n<\/section>\n\n\n\n<h2 class=\"wp-block-heading\">Contactez-Nous pour Explorer les Opportunit\u00e9s<\/h2>\n\n\n\n<p>Contactez-nous d\u00e8s aujourd\u2019hui pour d\u00e9couvrir comment nos solutions sur mesure peuvent dynamiser vos projets de mobilit\u00e9 \u00e9lectrique<\/p>\n","protected":false},"excerpt":{"rendered":"<p>Dans un monde confront\u00e9 \u00e0 des d\u00e9fis environnementaux croissants, la mobilit\u00e9 \u00e9lectrique s\u2019impose comme une solution cl\u00e9 pour r\u00e9duire les \u00e9missions de carbone et favoriser un avenir plus durable. Cependant,\u2026<\/p>\n","protected":false},"author":18,"featured_media":8628,"comment_status":"closed","ping_status":"closed","sticky":false,"template":"","format":"standard","meta":{"content-type":"","footnotes":""},"categories":[172,120],"tags":[],"class_list":["post-8626","post","type-post","status-publish","format-standard","has-post-thumbnail","hentry","category-electric-mobility","category-uncategorized"],"yoast_head":"<!-- This site is optimized with the Yoast SEO plugin v27.5 - https:\/\/yoast.com\/product\/yoast-seo-wordpress\/ -->\n<title>Mobilit\u00e9 \u00c9lectrique : Un Catalyseur Incontournable de la Transition \u00c9nerg\u00e9tique<\/title>\n<meta name=\"description\" content=\"Dans un monde confront\u00e9 \u00e0 des d\u00e9fis environnementaux croissants, la mobilit\u00e9 \u00e9lectrique s\u2019impose comme une solution cl\u00e9 pour r\u00e9duire les \u00e9missions de carbone et favoriser un avenir plus durable.\" \/>\n<meta name=\"robots\" content=\"noindex, follow, max-snippet:-1, max-image-preview:large, max-video-preview:-1\" \/>\n<meta property=\"og:locale\" content=\"en_US\" \/>\n<meta property=\"og:type\" content=\"article\" \/>\n<meta property=\"og:title\" content=\"Mobilit\u00e9 \u00c9lectrique : Un Catalyseur Incontournable de la Transition \u00c9nerg\u00e9tique\" \/>\n<meta property=\"og:description\" content=\"Dans un monde confront\u00e9 \u00e0 des d\u00e9fis environnementaux croissants, la mobilit\u00e9 \u00e9lectrique s\u2019impose comme une solution cl\u00e9 pour r\u00e9duire les \u00e9missions de carbone et favoriser un avenir plus durable.\" \/>\n<meta property=\"og:url\" content=\"https:\/\/stxgroup.staging.twize.io\/strive\/fr\/articles\/mobilite-electrique\/\" \/>\n<meta property=\"og:site_name\" content=\"STRIVE by STX\" \/>\n<meta property=\"article:published_time\" content=\"2025-01-29T10:58:12+00:00\" \/>\n<meta property=\"og:image\" content=\"https:\/\/stxgroup.staging.twize.io\/app\/themes\/ChildTheme\/assets\/uploads\/site\/4\/2025\/01\/iStock-1354072260-scaled.jpg\" \/>\n\t<meta property=\"og:image:width\" content=\"2560\" \/>\n\t<meta property=\"og:image:height\" content=\"1708\" \/>\n\t<meta property=\"og:image:type\" content=\"image\/jpeg\" \/>\n<meta name=\"author\" content=\"eva2@twizzze.nl\" \/>\n<meta name=\"twitter:card\" content=\"summary_large_image\" \/>\n<meta name=\"twitter:label1\" content=\"Written by\" \/>\n\t<meta name=\"twitter:data1\" content=\"eva2@twizzze.nl\" \/>\n\t<meta name=\"twitter:label2\" content=\"Est. reading time\" \/>\n\t<meta name=\"twitter:data2\" content=\"3 minutes\" \/>\n<script type=\"application\/ld+json\" class=\"yoast-schema-graph\">{\"@context\":\"https:\\\/\\\/schema.org\",\"@graph\":[{\"@type\":\"Article\",\"@id\":\"https:\\\/\\\/stxgroup.staging.twize.io\\\/strive\\\/fr\\\/articles\\\/mobilite-electrique\\\/#article\",\"isPartOf\":{\"@id\":\"https:\\\/\\\/stxgroup.staging.twize.io\\\/strive\\\/fr\\\/articles\\\/mobilite-electrique\\\/\"},\"author\":{\"name\":\"eva2@twizzze.nl\",\"@id\":\"https:\\\/\\\/stxgroup.staging.twize.io\\\/strive\\\/#\\\/schema\\\/person\\\/a8ae1a5586f054e3c7db22611efa37b7\"},\"headline\":\"Mobilit\u00e9 \u00c9lectrique : Un Catalyseur Incontournable de la Transition \u00c9nerg\u00e9tique\",\"datePublished\":\"2025-01-29T10:58:12+00:00\",\"mainEntityOfPage\":{\"@id\":\"https:\\\/\\\/stxgroup.staging.twize.io\\\/strive\\\/fr\\\/articles\\\/mobilite-electrique\\\/\"},\"wordCount\":581,\"publisher\":{\"@id\":\"https:\\\/\\\/stxgroup.staging.twize.io\\\/strive\\\/#organization\"},\"image\":{\"@id\":\"https:\\\/\\\/stxgroup.staging.twize.io\\\/strive\\\/fr\\\/articles\\\/mobilite-electrique\\\/#primaryimage\"},\"thumbnailUrl\":\"https:\\\/\\\/stxgroup.staging.twize.io\\\/app\\\/themes\\\/ChildTheme\\\/assets\\\/uploads\\\/site\\\/4\\\/2025\\\/01\\\/iStock-1354072260-scaled.jpg\",\"articleSection\":[\"Electric Mobility\"],\"inLanguage\":\"en-US\"},{\"@type\":\"WebPage\",\"@id\":\"https:\\\/\\\/stxgroup.staging.twize.io\\\/strive\\\/fr\\\/articles\\\/mobilite-electrique\\\/\",\"url\":\"https:\\\/\\\/stxgroup.staging.twize.io\\\/strive\\\/fr\\\/articles\\\/mobilite-electrique\\\/\",\"name\":\"Mobilit\u00e9 \u00c9lectrique : Un Catalyseur Incontournable de la Transition \u00c9nerg\u00e9tique\",\"isPartOf\":{\"@id\":\"https:\\\/\\\/stxgroup.staging.twize.io\\\/strive\\\/#website\"},\"primaryImageOfPage\":{\"@id\":\"https:\\\/\\\/stxgroup.staging.twize.io\\\/strive\\\/fr\\\/articles\\\/mobilite-electrique\\\/#primaryimage\"},\"image\":{\"@id\":\"https:\\\/\\\/stxgroup.staging.twize.io\\\/strive\\\/fr\\\/articles\\\/mobilite-electrique\\\/#primaryimage\"},\"thumbnailUrl\":\"https:\\\/\\\/stxgroup.staging.twize.io\\\/app\\\/themes\\\/ChildTheme\\\/assets\\\/uploads\\\/site\\\/4\\\/2025\\\/01\\\/iStock-1354072260-scaled.jpg\",\"datePublished\":\"2025-01-29T10:58:12+00:00\",\"description\":\"Dans un monde confront\u00e9 \u00e0 des d\u00e9fis environnementaux croissants, la mobilit\u00e9 \u00e9lectrique s\u2019impose comme une solution cl\u00e9 pour r\u00e9duire les \u00e9missions de carbone et favoriser un avenir plus durable.\",\"breadcrumb\":{\"@id\":\"https:\\\/\\\/stxgroup.staging.twize.io\\\/strive\\\/fr\\\/articles\\\/mobilite-electrique\\\/#breadcrumb\"},\"inLanguage\":\"en-US\",\"potentialAction\":[{\"@type\":\"ReadAction\",\"target\":[\"https:\\\/\\\/stxgroup.staging.twize.io\\\/strive\\\/fr\\\/articles\\\/mobilite-electrique\\\/\"]}]},{\"@type\":\"ImageObject\",\"inLanguage\":\"en-US\",\"@id\":\"https:\\\/\\\/stxgroup.staging.twize.io\\\/strive\\\/fr\\\/articles\\\/mobilite-electrique\\\/#primaryimage\",\"url\":\"https:\\\/\\\/stxgroup.staging.twize.io\\\/app\\\/themes\\\/ChildTheme\\\/assets\\\/uploads\\\/site\\\/4\\\/2025\\\/01\\\/iStock-1354072260-scaled.jpg\",\"contentUrl\":\"https:\\\/\\\/stxgroup.staging.twize.io\\\/app\\\/themes\\\/ChildTheme\\\/assets\\\/uploads\\\/site\\\/4\\\/2025\\\/01\\\/iStock-1354072260-scaled.jpg\",\"width\":2560,\"height\":1708,\"caption\":\"Charging an electric car on rural field during sunset\"},{\"@type\":\"BreadcrumbList\",\"@id\":\"https:\\\/\\\/stxgroup.staging.twize.io\\\/strive\\\/fr\\\/articles\\\/mobilite-electrique\\\/#breadcrumb\",\"itemListElement\":[{\"@type\":\"ListItem\",\"position\":1,\"name\":\"Home\",\"item\":\"https:\\\/\\\/stxgroup.staging.twize.io\\\/strive\\\/\"},{\"@type\":\"ListItem\",\"position\":2,\"name\":\"Mobilit\u00e9 \u00c9lectrique : Un Catalyseur Incontournable de la Transition \u00c9nerg\u00e9tique\"}]},{\"@type\":\"WebSite\",\"@id\":\"https:\\\/\\\/stxgroup.staging.twize.io\\\/strive\\\/#website\",\"url\":\"https:\\\/\\\/stxgroup.staging.twize.io\\\/strive\\\/\",\"name\":\"STRIVE by STX\",\"description\":\"We transform climate liabilities into business progress\",\"publisher\":{\"@id\":\"https:\\\/\\\/stxgroup.staging.twize.io\\\/strive\\\/#organization\"},\"potentialAction\":[{\"@type\":\"SearchAction\",\"target\":{\"@type\":\"EntryPoint\",\"urlTemplate\":\"https:\\\/\\\/stxgroup.staging.twize.io\\\/strive\\\/?s={search_term_string}\"},\"query-input\":{\"@type\":\"PropertyValueSpecification\",\"valueRequired\":true,\"valueName\":\"search_term_string\"}}],\"inLanguage\":\"en-US\"},{\"@type\":\"Organization\",\"@id\":\"https:\\\/\\\/stxgroup.staging.twize.io\\\/strive\\\/#organization\",\"name\":\"STRIVE by STX\",\"url\":\"https:\\\/\\\/stxgroup.staging.twize.io\\\/strive\\\/\",\"logo\":{\"@type\":\"ImageObject\",\"inLanguage\":\"en-US\",\"@id\":\"https:\\\/\\\/stxgroup.staging.twize.io\\\/strive\\\/#\\\/schema\\\/logo\\\/image\\\/\",\"url\":\"https:\\\/\\\/stxgroup.staging.twize.io\\\/app\\\/themes\\\/ChildTheme\\\/assets\\\/uploads\\\/site\\\/4\\\/2023\\\/02\\\/strive-logo-header-cutout-2.svg\",\"contentUrl\":\"https:\\\/\\\/stxgroup.staging.twize.io\\\/app\\\/themes\\\/ChildTheme\\\/assets\\\/uploads\\\/site\\\/4\\\/2023\\\/02\\\/strive-logo-header-cutout-2.svg\",\"width\":279,\"height\":130,\"caption\":\"STRIVE by STX\"},\"image\":{\"@id\":\"https:\\\/\\\/stxgroup.staging.twize.io\\\/strive\\\/#\\\/schema\\\/logo\\\/image\\\/\"}},{\"@type\":\"Person\",\"@id\":\"https:\\\/\\\/stxgroup.staging.twize.io\\\/strive\\\/#\\\/schema\\\/person\\\/a8ae1a5586f054e3c7db22611efa37b7\",\"name\":\"eva2@twizzze.nl\",\"image\":{\"@type\":\"ImageObject\",\"inLanguage\":\"en-US\",\"@id\":\"https:\\\/\\\/secure.gravatar.com\\\/avatar\\\/fe959b3896668344e005814b9675dbc81ad75bb7da2566cb46e31b97f7de9d04?s=96&d=retro&r=g\",\"url\":\"https:\\\/\\\/secure.gravatar.com\\\/avatar\\\/fe959b3896668344e005814b9675dbc81ad75bb7da2566cb46e31b97f7de9d04?s=96&d=retro&r=g\",\"contentUrl\":\"https:\\\/\\\/secure.gravatar.com\\\/avatar\\\/fe959b3896668344e005814b9675dbc81ad75bb7da2566cb46e31b97f7de9d04?s=96&d=retro&r=g\",\"caption\":\"eva2@twizzze.nl\"},\"url\":\"https:\\\/\\\/stxgroup.staging.twize.io\\\/strive\\\/latest-news\\\/author\\\/eva2twizzze-nl\\\/\"}]}<\/script>\n<!-- \/ Yoast SEO plugin. -->","yoast_head_json":{"title":"Mobilit\u00e9 \u00c9lectrique : Un Catalyseur Incontournable de la Transition \u00c9nerg\u00e9tique","description":"Dans un monde confront\u00e9 \u00e0 des d\u00e9fis environnementaux croissants, la mobilit\u00e9 \u00e9lectrique s\u2019impose comme une solution cl\u00e9 pour r\u00e9duire les \u00e9missions de carbone et favoriser un avenir plus durable.","robots":{"index":"noindex","follow":"follow","max-snippet":"max-snippet:-1","max-image-preview":"max-image-preview:large","max-video-preview":"max-video-preview:-1"},"og_locale":"en_US","og_type":"article","og_title":"Mobilit\u00e9 \u00c9lectrique : Un Catalyseur Incontournable de la Transition \u00c9nerg\u00e9tique","og_description":"Dans un monde confront\u00e9 \u00e0 des d\u00e9fis environnementaux croissants, la mobilit\u00e9 \u00e9lectrique s\u2019impose comme une solution cl\u00e9 pour r\u00e9duire les \u00e9missions de carbone et favoriser un avenir plus durable.","og_url":"https:\/\/stxgroup.staging.twize.io\/strive\/fr\/articles\/mobilite-electrique\/","og_site_name":"STRIVE by STX","article_published_time":"2025-01-29T10:58:12+00:00","og_image":[{"width":2560,"height":1708,"url":"https:\/\/stxgroup.staging.twize.io\/app\/themes\/ChildTheme\/assets\/uploads\/site\/4\/2025\/01\/iStock-1354072260-scaled.jpg","type":"image\/jpeg"}],"author":"eva2@twizzze.nl","twitter_card":"summary_large_image","twitter_misc":{"Written by":"eva2@twizzze.nl","Est. reading time":"3 minutes"},"schema":{"@context":"https:\/\/schema.org","@graph":[{"@type":"Article","@id":"https:\/\/stxgroup.staging.twize.io\/strive\/fr\/articles\/mobilite-electrique\/#article","isPartOf":{"@id":"https:\/\/stxgroup.staging.twize.io\/strive\/fr\/articles\/mobilite-electrique\/"},"author":{"name":"eva2@twizzze.nl","@id":"https:\/\/stxgroup.staging.twize.io\/strive\/#\/schema\/person\/a8ae1a5586f054e3c7db22611efa37b7"},"headline":"Mobilit\u00e9 \u00c9lectrique : Un Catalyseur Incontournable de la Transition \u00c9nerg\u00e9tique","datePublished":"2025-01-29T10:58:12+00:00","mainEntityOfPage":{"@id":"https:\/\/stxgroup.staging.twize.io\/strive\/fr\/articles\/mobilite-electrique\/"},"wordCount":581,"publisher":{"@id":"https:\/\/stxgroup.staging.twize.io\/strive\/#organization"},"image":{"@id":"https:\/\/stxgroup.staging.twize.io\/strive\/fr\/articles\/mobilite-electrique\/#primaryimage"},"thumbnailUrl":"https:\/\/stxgroup.staging.twize.io\/app\/themes\/ChildTheme\/assets\/uploads\/site\/4\/2025\/01\/iStock-1354072260-scaled.jpg","articleSection":["Electric Mobility"],"inLanguage":"en-US"},{"@type":"WebPage","@id":"https:\/\/stxgroup.staging.twize.io\/strive\/fr\/articles\/mobilite-electrique\/","url":"https:\/\/stxgroup.staging.twize.io\/strive\/fr\/articles\/mobilite-electrique\/","name":"Mobilit\u00e9 \u00c9lectrique : Un Catalyseur Incontournable de la Transition \u00c9nerg\u00e9tique","isPartOf":{"@id":"https:\/\/stxgroup.staging.twize.io\/strive\/#website"},"primaryImageOfPage":{"@id":"https:\/\/stxgroup.staging.twize.io\/strive\/fr\/articles\/mobilite-electrique\/#primaryimage"},"image":{"@id":"https:\/\/stxgroup.staging.twize.io\/strive\/fr\/articles\/mobilite-electrique\/#primaryimage"},"thumbnailUrl":"https:\/\/stxgroup.staging.twize.io\/app\/themes\/ChildTheme\/assets\/uploads\/site\/4\/2025\/01\/iStock-1354072260-scaled.jpg","datePublished":"2025-01-29T10:58:12+00:00","description":"Dans un monde confront\u00e9 \u00e0 des d\u00e9fis environnementaux croissants, la mobilit\u00e9 \u00e9lectrique s\u2019impose comme une solution cl\u00e9 pour r\u00e9duire les \u00e9missions de carbone et favoriser un avenir plus durable.","breadcrumb":{"@id":"https:\/\/stxgroup.staging.twize.io\/strive\/fr\/articles\/mobilite-electrique\/#breadcrumb"},"inLanguage":"en-US","potentialAction":[{"@type":"ReadAction","target":["https:\/\/stxgroup.staging.twize.io\/strive\/fr\/articles\/mobilite-electrique\/"]}]},{"@type":"ImageObject","inLanguage":"en-US","@id":"https:\/\/stxgroup.staging.twize.io\/strive\/fr\/articles\/mobilite-electrique\/#primaryimage","url":"https:\/\/stxgroup.staging.twize.io\/app\/themes\/ChildTheme\/assets\/uploads\/site\/4\/2025\/01\/iStock-1354072260-scaled.jpg","contentUrl":"https:\/\/stxgroup.staging.twize.io\/app\/themes\/ChildTheme\/assets\/uploads\/site\/4\/2025\/01\/iStock-1354072260-scaled.jpg","width":2560,"height":1708,"caption":"Charging an electric car on rural field during sunset"},{"@type":"BreadcrumbList","@id":"https:\/\/stxgroup.staging.twize.io\/strive\/fr\/articles\/mobilite-electrique\/#breadcrumb","itemListElement":[{"@type":"ListItem","position":1,"name":"Home","item":"https:\/\/stxgroup.staging.twize.io\/strive\/"},{"@type":"ListItem","position":2,"name":"Mobilit\u00e9 \u00c9lectrique : Un Catalyseur Incontournable de la Transition \u00c9nerg\u00e9tique"}]},{"@type":"WebSite","@id":"https:\/\/stxgroup.staging.twize.io\/strive\/#website","url":"https:\/\/stxgroup.staging.twize.io\/strive\/","name":"STRIVE by STX","description":"We transform climate liabilities into business progress","publisher":{"@id":"https:\/\/stxgroup.staging.twize.io\/strive\/#organization"},"potentialAction":[{"@type":"SearchAction","target":{"@type":"EntryPoint","urlTemplate":"https:\/\/stxgroup.staging.twize.io\/strive\/?s={search_term_string}"},"query-input":{"@type":"PropertyValueSpecification","valueRequired":true,"valueName":"search_term_string"}}],"inLanguage":"en-US"},{"@type":"Organization","@id":"https:\/\/stxgroup.staging.twize.io\/strive\/#organization","name":"STRIVE by STX","url":"https:\/\/stxgroup.staging.twize.io\/strive\/","logo":{"@type":"ImageObject","inLanguage":"en-US","@id":"https:\/\/stxgroup.staging.twize.io\/strive\/#\/schema\/logo\/image\/","url":"https:\/\/stxgroup.staging.twize.io\/app\/themes\/ChildTheme\/assets\/uploads\/site\/4\/2023\/02\/strive-logo-header-cutout-2.svg","contentUrl":"https:\/\/stxgroup.staging.twize.io\/app\/themes\/ChildTheme\/assets\/uploads\/site\/4\/2023\/02\/strive-logo-header-cutout-2.svg","width":279,"height":130,"caption":"STRIVE by STX"},"image":{"@id":"https:\/\/stxgroup.staging.twize.io\/strive\/#\/schema\/logo\/image\/"}},{"@type":"Person","@id":"https:\/\/stxgroup.staging.twize.io\/strive\/#\/schema\/person\/a8ae1a5586f054e3c7db22611efa37b7","name":"eva2@twizzze.nl","image":{"@type":"ImageObject","inLanguage":"en-US","@id":"https:\/\/secure.gravatar.com\/avatar\/fe959b3896668344e005814b9675dbc81ad75bb7da2566cb46e31b97f7de9d04?s=96&d=retro&r=g","url":"https:\/\/secure.gravatar.com\/avatar\/fe959b3896668344e005814b9675dbc81ad75bb7da2566cb46e31b97f7de9d04?s=96&d=retro&r=g","contentUrl":"https:\/\/secure.gravatar.com\/avatar\/fe959b3896668344e005814b9675dbc81ad75bb7da2566cb46e31b97f7de9d04?s=96&d=retro&r=g","caption":"eva2@twizzze.nl"},"url":"https:\/\/stxgroup.staging.twize.io\/strive\/latest-news\/author\/eva2twizzze-nl\/"}]}},"lang":"fr","translations":{"fr":8626,"en":8625},"creators":false,"services":false,"subtitle":"","date_post":"0000-00-00","sectors":false,"company_logo":false,"glossary_terms":false,"pll_sync_post":[],"_links":{"self":[{"href":"https:\/\/stxgroup.staging.twize.io\/strive\/wp-json\/wp\/v2\/posts\/8626","targetHints":{"allow":["GET"]}}],"collection":[{"href":"https:\/\/stxgroup.staging.twize.io\/strive\/wp-json\/wp\/v2\/posts"}],"about":[{"href":"https:\/\/stxgroup.staging.twize.io\/strive\/wp-json\/wp\/v2\/types\/post"}],"author":[{"embeddable":true,"href":"https:\/\/stxgroup.staging.twize.io\/strive\/wp-json\/wp\/v2\/users\/18"}],"replies":[{"embeddable":true,"href":"https:\/\/stxgroup.staging.twize.io\/strive\/wp-json\/wp\/v2\/comments?post=8626"}],"version-history":[{"count":7,"href":"https:\/\/stxgroup.staging.twize.io\/strive\/wp-json\/wp\/v2\/posts\/8626\/revisions"}],"predecessor-version":[{"id":8794,"href":"https:\/\/stxgroup.staging.twize.io\/strive\/wp-json\/wp\/v2\/posts\/8626\/revisions\/8794"}],"wp:featuredmedia":[{"embeddable":true,"href":"https:\/\/stxgroup.staging.twize.io\/strive\/wp-json\/wp\/v2\/media\/8628"}],"wp:attachment":[{"href":"https:\/\/stxgroup.staging.twize.io\/strive\/wp-json\/wp\/v2\/media?parent=8626"}],"wp:term":[{"taxonomy":"category","embeddable":true,"href":"https:\/\/stxgroup.staging.twize.io\/strive\/wp-json\/wp\/v2\/categories?post=8626"},{"taxonomy":"post_tag","embeddable":true,"href":"https:\/\/stxgroup.staging.twize.io\/strive\/wp-json\/wp\/v2\/tags?post=8626"}],"curies":[{"name":"wp","href":"https:\/\/api.w.org\/{rel}","templated":true}]}}